{"id":19029,"date":"2017-12-28T13:14:22","date_gmt":"2017-12-28T12:14:22","guid":{"rendered":"https:\/\/www.portaldojardim.com\/pdj\/?p=19029"},"modified":"2017-12-29T09:59:41","modified_gmt":"2017-12-29T08:59:41","slug":"horta-de-sta-rita-soprador-bga-56-a-bateria-by-stihl","status":"publish","type":"post","link":"https:\/\/www.portaldojardim.com\/pdj\/2017\/12\/28\/horta-de-sta-rita-soprador-bga-56-a-bateria-by-stihl\/","title":{"rendered":"Horta de St\u00aa Rita: Soprador BGA 56 a bateria by STIHL"},"content":{"rendered":"<p><a href=\"https:\/\/www.portaldojardim.com\/pdj\/wp-content\/uploads\/Horta-de-St\u00aa-Ritaportal.jpg\"><img loading=\"lazy\" decoding=\"async\" class=\"aligncenter size-full wp-image-19017\" alt=\"Horta de St\u00aa Ritaportal\" src=\"https:\/\/www.portaldojardim.com\/pdj\/wp-content\/uploads\/Horta-de-St\u00aa-Ritaportal.jpg\" width=\"620\" height=\"170\" srcset=\"https:\/\/www.portaldojardim.com\/pdj\/wp-content\/uploads\/Horta-de-St\u00aa-Ritaportal.jpg 620w, https:\/\/www.portaldojardim.com\/pdj\/wp-content\/uploads\/Horta-de-St\u00aa-Ritaportal-300x82.jpg 300w\" sizes=\"auto, (max-width: 620px) 100vw, 620px\" \/><\/a><\/p>\n<p>Os equipamentos a bateria entraram, definitivamente, no universo dos jardins e espa\u00e7os verdes. A f\u00e1cil utiliza\u00e7\u00e3o, a boa autonomia, a baixa emiss\u00e3o sonora, a aus\u00eancia de cheiros s\u00e3o qualidades mais do que suficientes para garantirem o sucesso desta nova tecnologia!<\/p>\n<p>Na Horta de Santa Rita, em pleno Alentejo, Felippa Lobato (pintora e escultora) experimentou uma s\u00e9rie de equipamentos a bateria desenvolvidos e produzidos pelo fabricante alem\u00e3o Stihl. Pensamos que \u00e9 importante transmitir a experi\u00eancia de uma pessoa que n\u00e3o sendo um \u201cprofissional\u201d, \u00e9 algu\u00e9m que se preocupa com as quest\u00f5es ambientais e com a rela\u00e7\u00e3o do ser humano com a Natureza.<\/p>\n<p>A Horta de Santa Rita \u00e9 uma pequena propriedade com diferentes cen\u00e1rios, olival (100 \u00e1rvores), relvado (300 m\u00b2), vinha e zona de arom\u00e1ticas.<\/p>\n<p>A escolha de equipamentos a bateria prende-se por quest\u00f5es ambientais e pela facilidade de utiliza\u00e7\u00e3o por adultos de todas as idades.<\/p>\n<p><strong>Neste primeiro v\u00eddeo, Felippa Lobato, experimentou o soprador a bateria BGA 56.<\/strong><br \/>\n<iframe loading=\"lazy\" src=\"https:\/\/www.youtube.com\/embed\/NtdMW6W3KOs\" height=\"315\" width=\"560\" allowfullscreen=\"\" frameborder=\"0\"><\/iframe><\/p>\n<p><b>BGA 56 &#8211; Soprador a bateria da Stihl<\/b><\/p>\n<p>Com o soprador a bateria da Linha Compact BGA 56 limpar\u00e1 facilmente o seu p\u00e1tio ou o seu jardim das folhas ou sujidade. O BGA 56 \u00e9 muito silencioso e a sua condu\u00e7\u00e3o muito f\u00e1cil e c\u00f3moda gra\u00e7as \u00e0s baixas for\u00e7as girosc\u00f3picas. O tubo de sopro \u00e9 regul\u00e1vel em 3 posi\u00e7\u00f5es adaptando-se ao utilizador.<\/p>\n<p><a href=\"https:\/\/www.portaldojardim.com\/pdj\/wp-content\/uploads\/Stihl_BGA-56.jpg\"><img loading=\"lazy\" decoding=\"async\" class=\"aligncenter size-full wp-image-19031\" alt=\"Stihl_BGA 56\" src=\"https:\/\/www.portaldojardim.com\/pdj\/wp-content\/uploads\/Stihl_BGA-56.jpg\" width=\"620\" height=\"306\" srcset=\"https:\/\/www.portaldojardim.com\/pdj\/wp-content\/uploads\/Stihl_BGA-56.jpg 620w, https:\/\/www.portaldojardim.com\/pdj\/wp-content\/uploads\/Stihl_BGA-56-300x148.jpg 300w\" sizes=\"auto, (max-width: 620px) 100vw, 620px\" \/><\/a><\/p>\n<p><b>Dados t\u00e9cnicos<\/b><\/p>\n<p>Tens\u00e3o nominal (V): 36 Volt<\/p>\n<p>Peso sem bateria: 2,1 Kg<\/p>\n<p>N\u00edvel sonoro Lp1 BA-Wert dB(A): 79<\/p>\n<p>N\u00edvel sonoro Lw1 BA-Valor dB(A): 91<\/p>\n<p>Valor de vibra\u00e7\u00e3o ahv 1 &#8211; BA_direita m\/s2: 2,5<\/p>\n<p>Caudal de ar com boquilha redonda m3\/h: 600<\/p>\n<p>Caudal de ar sem jogo de sopro m3\/h: 750<\/p>\n<p>Saiba mais em:\u00a0<a href=\"http:\/\/www.stihl.pt\/\" target=\"_blank\" data-saferedirecturl=\"https:\/\/www.google.com\/url?hl=pt-PT&amp;q=http:\/\/www.stihl.pt&amp;source=gmail&amp;ust=1514546545536000&amp;usg=AFQjCNH57C0q9eKrhbXZdDglvKSkoMKTFw\">www.stihl.pt<\/a><\/p>\n","protected":false},"excerpt":{"rendered":"<p>Os equipamentos a bateria entraram, definitivamente, no universo dos jardins e espa\u00e7os verdes. A f\u00e1cil utiliza\u00e7\u00e3o, a boa autonomia, a baixa emiss\u00e3o sonora, a aus\u00eancia de cheiros s\u00e3o qualidades mais do que suficientes para garantirem o sucesso desta nova tecnologia! Na Horta de Santa Rita, em pleno Alentejo, Felippa Lobato (pintora e escultora) experimentou uma [&hellip;]<\/p>\n","protected":false},"author":1872,"featured_media":19017,"comment_status":"open","ping_status":"closed","sticky":false,"template":"","format":"standard","meta":{"footnotes":""},"categories":[1291],"tags":[65,1477,2465,2466,1325,156],"class_list":["post-19029","post","type-post","status-publish","format-standard","has-post-thumbnail","hentry","category-equipamentos","tag-alentejo","tag-bateria","tag-bga-56","tag-horta-de-santa-rita","tag-soprador","tag-stihl"],"_links":{"self":[{"href":"https:\/\/www.portaldojardim.com\/pdj\/wp-json\/wp\/v2\/posts\/19029","targetHints":{"allow":["GET"]}}],"collection":[{"href":"https:\/\/www.portaldojardim.com\/pdj\/wp-json\/wp\/v2\/posts"}],"about":[{"href":"https:\/\/www.portaldojardim.com\/pdj\/wp-json\/wp\/v2\/types\/post"}],"author":[{"embeddable":true,"href":"https:\/\/www.portaldojardim.com\/pdj\/wp-json\/wp\/v2\/users\/1872"}],"replies":[{"embeddable":true,"href":"https:\/\/www.portaldojardim.com\/pdj\/wp-json\/wp\/v2\/comments?post=19029"}],"version-history":[{"count":3,"href":"https:\/\/www.portaldojardim.com\/pdj\/wp-json\/wp\/v2\/posts\/19029\/revisions"}],"predecessor-version":[{"id":19034,"href":"https:\/\/www.portaldojardim.com\/pdj\/wp-json\/wp\/v2\/posts\/19029\/revisions\/19034"}],"wp:featuredmedia":[{"embeddable":true,"href":"https:\/\/www.portaldojardim.com\/pdj\/wp-json\/wp\/v2\/media\/19017"}],"wp:attachment":[{"href":"https:\/\/www.portaldojardim.com\/pdj\/wp-json\/wp\/v2\/media?parent=19029"}],"wp:term":[{"taxonomy":"category","embeddable":true,"href":"https:\/\/www.portaldojardim.com\/pdj\/wp-json\/wp\/v2\/categories?post=19029"},{"taxonomy":"post_tag","embeddable":true,"href":"https:\/\/www.portaldojardim.com\/pdj\/wp-json\/wp\/v2\/tags?post=19029"}],"curies":[{"name":"wp","href":"https:\/\/api.w.org\/{rel}","templated":true}]}}