{"id":2354,"date":"2009-03-16T09:00:23","date_gmt":"2009-03-16T08:00:23","guid":{"rendered":"https:\/\/www.portaldojardim.com\/pdj\/?p=2354"},"modified":"2009-03-13T13:59:25","modified_gmt":"2009-03-13T12:59:25","slug":"arvores-de-fruto-saboreie-o-seu-jardim","status":"publish","type":"post","link":"https:\/\/www.portaldojardim.com\/pdj\/2009\/03\/16\/arvores-de-fruto-saboreie-o-seu-jardim\/","title":{"rendered":"\u00c1rvores de Fruto: Saboreie o seu Jardim!"},"content":{"rendered":"<p>Todas as \u00e1rvores s\u00e3o importantes, mas as que produzem frutos, al\u00e9m de terem todas as vantagens das primeiras tem uma mais valia muito interessante: o fruto.<\/p>\n<p>Se agora se fala muito e est\u00e1 na moda, fundir o jardim com a horta, ent\u00e3o porque n\u00e3o complementarmos a produ\u00e7\u00e3o de legumes com a produ\u00e7\u00e3o de frutos.<\/p>\n<p>E se o conceito parece simples a realidade ainda mais o \u00e9.<\/p>\n<p>Na escolha das esp\u00e9cies em vez de selecionarmos um liquidambar porque n\u00e3o uma cerejeira ou ameixieira.<\/p>\n<p>Compara\u00e7\u00e3o: s\u00e3o caducas, as folhas variam do verde claro na Primavera ao amarelo escuro no Outono. Ok ao n\u00edvel das folhas n\u00e3o h\u00e1 compara\u00e7\u00e3o poss\u00edvel, o liquidambar passa de amarelo para um vermelho espectacular, mas\u00a0 a cerejeira fica tamb\u00e9m com um amarelo muito bonito que contrasta bastante com o tronco que \u00e9 meio avermelhado. Em rela\u00e7\u00e3o \u00e0 flor n\u00e3o h\u00e1 nada que se compare \u00e0 flora\u00e7\u00e3o da cerejeira, ainda para mais, atrai um sem n\u00famero de esp\u00e9cies animais: abelhas, borboletas, aves, etc. e no final ainda recebemos uma bela recompensa: as cerejas. Se pensarmos bem, e pusermos ambas na balan\u00e7a eu diria que a cerejeira no final acaba por ter um peso maior. Poder-se-\u00e1 dizer que a manuten\u00e7\u00e3o das \u00e1rvores de fruto requer mais m\u00e3o de obra que as \u00e1rvores ornamentais. De facto por ser necess\u00e1rio fazer todos os anos a poda, e alguns eventuais tratamentos estas requerem uma maior manuten\u00e7\u00e3o, mas se compararmos as necessidades destas com as necessidades que iremos ter ao n\u00edvel da m\u00e3o de obra para a realiza\u00e7\u00e3o de uma horta poderemos confirmar que n\u00e3o ir\u00e1 ser pelo trabalho que n\u00e3o avan\u00e7aremos com essa decis\u00e3o.<\/p>\n<p>Poderemos ainda idealizar uma outra op\u00e7\u00e3o &#8211; a conjuga\u00e7\u00e3o de \u00e1rvores ornamentais com fruteiras. \u00c9 tudo uma quest\u00e3o de espa\u00e7o.<\/p>\n<p>At\u00e9 os famosos jardins japoneses inclu\u00edam quase sempre esp\u00e9cies ornamentais: o Acer, por exemplo, e \u00e1rvores de fruto como as cerejeiras, principalmente para darem cor ao jardim numa determinada altura do ano, nomeadamente na Primavera. Tamb\u00e9m n\u00f3s poderemos recorrer a esta conjuga\u00e7\u00e3o para termos um jardim com mais cor durante\u00a0 mais tempo.<\/p>\n<p>\u00a0<\/p>\n<p>Esp\u00e9cies com flora\u00e7\u00e3o abundante:<\/p>\n<ul>\n<li>macieira de jardim (para mim, uma das mais bonitas)<\/li>\n<li>cerejeira<\/li>\n<li>ameixieira<\/li>\n<li>pereira<\/li>\n<li>damasqueiro<\/li>\n<li>pessegueiro<\/li>\n<\/ul>\n<p>\u00a0<\/p>\n<p>Outras esp\u00e9cies com interesse:<\/p>\n<ul>\n<li>citrinos<\/li>\n<li>diospireiro<\/li>\n<li>marmeleiro<\/li>\n<li>nespereira<\/li>\n<\/ul>\n<p>\u00a0<\/p>\n<p>Frutos secos:<\/p>\n<ul>\n<li>nogueira<\/li>\n<li>castanheiro<\/li>\n<li>aveleira<\/li>\n<\/ul>\n<p>\u00a0<\/p>\n<p>Outros frutos:<\/p>\n<ul>\n<li>maracuj\u00e1<\/li>\n<li>kiwi<\/li>\n<\/ul>\n<p>\u00a0<\/p>\n<p>Tamb\u00e9m os chamados frutos vermelhos poder\u00e3o ser uma op\u00e7\u00e3o, pelo menos d\u00e3o bastante vida ao jardim. E que bom chegarmos ao fim de um dia de trabalho e irmos colher os nossos pr\u00f3prios frutos e ou alimentos. Ou levantarmo-nos pela manh\u00e3 e colhermos umas laranjas para fazer um belo sumo natural. Est\u00e3o fresquinhos, s\u00e3o naturais\u00a0 e aliviam qualquer stress.<\/p>\n","protected":false},"excerpt":{"rendered":"<p>Se agora se fala muito e est\u00e1 na moda, fundir o jardim com a horta, ent\u00e3o porque n\u00e3o complementarmos a produ\u00e7\u00e3o de legumes com a produ\u00e7\u00e3o de frutos. Saiba mais sobre esta mais valia para o seu jardim! <\/p>\n","protected":false},"author":2823,"featured_media":0,"comment_status":"open","ping_status":"closed","sticky":false,"template":"","format":"standard","meta":{"footnotes":""},"categories":[18,19,7],"tags":[2572,176,177,139],"class_list":["post-2354","post","type-post","status-publish","format-standard","hentry","category-dicas","category-dicas-praticas-dicas-as-solucoes","category-featured","tag-arvores","tag-cor","tag-especies","tag-frutos"],"_links":{"self":[{"href":"https:\/\/www.portaldojardim.com\/pdj\/wp-json\/wp\/v2\/posts\/2354","targetHints":{"allow":["GET"]}}],"collection":[{"href":"https:\/\/www.portaldojardim.com\/pdj\/wp-json\/wp\/v2\/posts"}],"about":[{"href":"https:\/\/www.portaldojardim.com\/pdj\/wp-json\/wp\/v2\/types\/post"}],"author":[{"embeddable":true,"href":"https:\/\/www.portaldojardim.com\/pdj\/wp-json\/wp\/v2\/users\/2823"}],"replies":[{"embeddable":true,"href":"https:\/\/www.portaldojardim.com\/pdj\/wp-json\/wp\/v2\/comments?post=2354"}],"version-history":[{"count":5,"href":"https:\/\/www.portaldojardim.com\/pdj\/wp-json\/wp\/v2\/posts\/2354\/revisions"}],"predecessor-version":[{"id":2360,"href":"https:\/\/www.portaldojardim.com\/pdj\/wp-json\/wp\/v2\/posts\/2354\/revisions\/2360"}],"wp:attachment":[{"href":"https:\/\/www.portaldojardim.com\/pdj\/wp-json\/wp\/v2\/media?parent=2354"}],"wp:term":[{"taxonomy":"category","embeddable":true,"href":"https:\/\/www.portaldojardim.com\/pdj\/wp-json\/wp\/v2\/categories?post=2354"},{"taxonomy":"post_tag","embeddable":true,"href":"https:\/\/www.portaldojardim.com\/pdj\/wp-json\/wp\/v2\/tags?post=2354"}],"curies":[{"name":"wp","href":"https:\/\/api.w.org\/{rel}","templated":true}]}}